{"id":443,"date":"2012-07-30T15:03:10","date_gmt":"2012-07-30T19:03:10","guid":{"rendered":"http:\/\/quoideneufdocteur.ca\/?p=443"},"modified":"2024-12-28T13:53:06","modified_gmt":"2024-12-28T13:53:06","slug":"les-taches-cafe-au-lait","status":"publish","type":"post","link":"https:\/\/dryveshebert.ca\/fr\/les-taches-cafe-au-lait\/","title":{"rendered":"Les taches caf\u00e9-au-lait"},"content":{"rendered":"<p>Bonjour,<\/p>\n<p>J&rsquo;ai une \u00e9norme tache de naissance caf\u00e9-au-lait qui couvre une bonne partie de mon flanc droit.<br \/>\nJ\u2019ai maintenant 30 ans et cette tache m\u2019a toujours fait vivre un grand complexe.<br \/>\nJe voudrais savoir s&rsquo;il existe un moyen pour que je puisse m\u2019en d\u00e9barrasser, par un traitement avec laser, par exemple.<br \/>\nJ\u2019attends impatiemment votre r\u00e9ponse.<\/p>\n<p>Merci,<br \/>\nSylvie<\/p>\n<p>Ch\u00e8re Sylvie,<\/p>\n<p>Je vous remercie de m\u2019avoir fait parvenir cette question.<\/p>\n<p>Les taches de naissance, souvent appel\u00e9es taches caf\u00e9-au-lait \u00e0 cause de leur couleur, sont moins fr\u00e9quentes chez les b\u00e9b\u00e9s \u00e0 la peau blanche, mais plus fr\u00e9quentes chez ceux \u00e0 la peau plus fonc\u00e9e. Ainsi, 0.3 % des b\u00e9b\u00e9s blancs vont pr\u00e9senter une tache solitaire, comparativement \u00e0 3 % des hispaniques et 18 % des noirs.<\/p>\n<p>Une tache isol\u00e9e, m\u00eame d\u2019assez grande dimension, ne repr\u00e9sente aucun danger pour la sant\u00e9, mais s\u2019il y a plusieurs taches (six et plus) de plus de 5 mm de diam\u00e8tre chez les individus pr\u00e9pub\u00e8res ou de plus de 15 mm chez les individus postpub\u00e8res, il faut penser \u00e0 un diagnostic de neurofibromatose de type 1 ou maladie de Von Recklinghausen. Ce d\u00e9sordre g\u00e9n\u00e9tique h\u00e9r\u00e9ditaire s\u2019accompagne, en plus des taches caf\u00e9-au-lait, de tumeurs cutan\u00e9es (bosses), b\u00e9nignes en soi, mais qui peuvent causer des compressions au niveau des nerfs et des tissus avoisinants.<\/p>\n<p>Dans votre cas pr\u00e9cis, je crois que nous nous trouvons devant une tache solitaire qui a \u00e9volu\u00e9 au fil de temps pour atteindre une grande surface, mais sans causer aucun probl\u00e8me, sauf le complexe que vous vivez.<\/p>\n<p>Selon la densit\u00e9 de la pigmentation et la couleur de la peau, le traitement peut s\u2019av\u00e9rer long et couteux. Il faut, en effet, avoir recours \u00e0 des s\u00e9ances multiples de laser qui parviendront, tr\u00e8s graduellement, \u00e0 faire p\u00e2lir la l\u00e9sion. La t\u00e2che n\u2019est pas impossible, mais il faut y aller avec prudence pour ne pas causer de complications permanentes reli\u00e9es \u00e0 la nature m\u00eame des lasers utilis\u00e9s. Il est \u00e9videmment primordial que ces traitements soient entrepris par des professionnels de la sant\u00e9 tr\u00e8s accoutum\u00e9s \u00e0 l\u2019emploi de ces technologies. Plusieurs types de lasers sont efficaces dans de tels cas, comme les lasers ND\u00a0:YAG, Ruby, ER\u00a0:YAG, Alexandrite, etc. Le choix de laser d\u00e9pendra surtout de la couleur de la peau, les peaux plus fonc\u00e9es comportant plus de risques de complications et \u00e9tant plus d\u00e9licates \u00e0 traiter que les peaux p\u00e2les.<\/p>\n<p>Donc, ch\u00e8re Sylvie, il y a de l\u2019espoir, mais il faut que vous vous adressiez \u00e0 un m\u00e9decin ayant de l\u2019exp\u00e9rience dans le traitement des taches pigmentaires et \u00e0 l\u2019aise dans la manipulation des appareils laser. Il faut aussi que vous soyez tr\u00e8s patiente puisque les r\u00e9sultats sont longs \u00e0 se manifester et exigent beaucoup de s\u00e9ances de traitement. Par contre, au bout du compte, votre tache ne sera qu\u2019un mauvais souvenir!<\/p>\n<p>Cordialement,<\/p>\n<p>Yves H\u00e9bert, MD<\/p>\n<p>&nbsp;<\/p>\n","protected":false},"excerpt":{"rendered":"<p>Bonjour, J&rsquo;ai une \u00e9norme tache de naissance caf\u00e9-au-lait qui couvre une bonne partie de mon flanc droit. J\u2019ai maintenant 30 ans et cette tache m\u2019a toujours fait vivre un grand complexe. Je voudrais savoir s&rsquo;il existe un moyen pour que &#8230; <\/p>\n<p class=\"read-more-container\"><a title=\"Les taches caf\u00e9-au-lait\" class=\"read-more button\" href=\"https:\/\/dryveshebert.ca\/fr\/les-taches-cafe-au-lait\/#more-443\" aria-label=\"Read more about Les taches caf\u00e9-au-lait\">Read more<\/a><\/p>\n","protected":false},"author":8,"featured_media":0,"comment_status":"open","ping_status":"open","sticky":false,"template":"","format":"standard","meta":{"_acf_changed":false,"footnotes":""},"categories":[8],"tags":[98,99,100],"class_list":["post-443","post","type-post","status-publish","format-standard","hentry","category-medecine-eshetique","tag-tache-cafe-au-lait","tag-taches-brunes","tag-taches-pigmentaires","no-featured-image-padding"],"acf":[],"_links":{"self":[{"href":"https:\/\/dryveshebert.ca\/fr\/wp-json\/wp\/v2\/posts\/443","targetHints":{"allow":["GET"]}}],"collection":[{"href":"https:\/\/dryveshebert.ca\/fr\/wp-json\/wp\/v2\/posts"}],"about":[{"href":"https:\/\/dryveshebert.ca\/fr\/wp-json\/wp\/v2\/types\/post"}],"author":[{"embeddable":true,"href":"https:\/\/dryveshebert.ca\/fr\/wp-json\/wp\/v2\/users\/8"}],"replies":[{"embeddable":true,"href":"https:\/\/dryveshebert.ca\/fr\/wp-json\/wp\/v2\/comments?post=443"}],"version-history":[{"count":1,"href":"https:\/\/dryveshebert.ca\/fr\/wp-json\/wp\/v2\/posts\/443\/revisions"}],"predecessor-version":[{"id":4861,"href":"https:\/\/dryveshebert.ca\/fr\/wp-json\/wp\/v2\/posts\/443\/revisions\/4861"}],"wp:attachment":[{"href":"https:\/\/dryveshebert.ca\/fr\/wp-json\/wp\/v2\/media?parent=443"}],"wp:term":[{"taxonomy":"category","embeddable":true,"href":"https:\/\/dryveshebert.ca\/fr\/wp-json\/wp\/v2\/categories?post=443"},{"taxonomy":"post_tag","embeddable":true,"href":"https:\/\/dryveshebert.ca\/fr\/wp-json\/wp\/v2\/tags?post=443"}],"curies":[{"name":"wp","href":"https:\/\/api.w.org\/{rel}","templated":true}]}}